{"id":2271,"date":"2021-09-03T02:47:24","date_gmt":"2021-09-03T02:47:24","guid":{"rendered":"https:\/\/damwatchinternational.org\/?p=2271"},"modified":"2021-09-03T02:58:07","modified_gmt":"2021-09-03T02:58:07","slug":"indigenous-womens-gathering-aims-to-strengthen-female-leadership-in-brazil","status":"publish","type":"post","link":"https:\/\/damwatchinternational.org\/pt-br\/indigenous-womens-gathering-aims-to-strengthen-female-leadership-in-brazil\/","title":{"rendered":"Encontro de mulheres ind\u00edgenas visa fortalecer a lideran\u00e7as femininas no Brasil"},"content":{"rendered":"<body><p><\/p>\n<div>\n<div>\n<p class=\"LaisaMestrado\"><em><span lang=\"PT-BR\">Reuni\u00e3o durante o <\/span><span lang=\"PT-BR\">\u201cI Encontro das Mulheres do Oeste do Paran\u00e1 \u2013 O levante das Mulheres Guarani e o Fortalecimento da Luta pela Demarca\u00e7\u00e3o\u201d. Foto: Hosoya, 2021.<\/span><\/em><\/p>\n<\/div>\n<\/div>\n<p>\u2014<\/p>\n<p>A Dam Watch International, atrav\u00e9s do Subcomit\u00ea Latino-americano e Caribenho, participou do momento hist\u00f3rico para o povo Av\u00e1- Guarani do Oeste do Paran\u00e1 Brasil: o \u201cI Encontro das Mulheres do Oeste do Paran\u00e1 \u2013 O levante das Mulheres Guarani e o Fortalecimento da Luta pela Demarca\u00e7\u00e3o\u201d. A atividade aconteceu entre os dias 16 e 20 de agosto de 2021 no <em>Tekoha Y\u2019Hovy <\/em>na cidade de Gua\u00edra, estado do Paran\u00e1 (PR) e contou com a participa\u00e7\u00e3o de mais de 120 pessoas por dia. A comiss\u00e3o <em>Yvyrupa<\/em>, organiza\u00e7\u00e3o ind\u00edgena que representa os interesses do povo Guarani das regi\u00f5es sul e sudeste do pa\u00eds, tamb\u00e9m esteve presente, bem como outros grupos e institui\u00e7\u00f5es apoiadoras da causa ind\u00edgena.<\/p>\n<div id=\"attachment_2246\" style=\"width: 822px\" class=\"wp-caption alignnone\"><img data-recalc-dims=\"1\" decoding=\"async\" aria-describedby=\"caption-attachment-2246\" class=\"wp-image-2247 size-full\" src=\"https:\/\/i0.wp.com\/damwatchinternational.org\/wp-content\/uploads\/2021\/09\/Picture1.jpg?resize=680%2C384&#038;ssl=1\" alt=\"\" width=\"680\" height=\"384\" loading=\"lazy\" srcset=\"https:\/\/i0.wp.com\/damwatchinternational.org\/wp-content\/uploads\/2021\/09\/Picture1.jpg?w=812&amp;ssl=1 812w, https:\/\/i0.wp.com\/damwatchinternational.org\/wp-content\/uploads\/2021\/09\/Picture1.jpg?resize=300%2C169&amp;ssl=1 300w, https:\/\/i0.wp.com\/damwatchinternational.org\/wp-content\/uploads\/2021\/09\/Picture1.jpg?resize=768%2C433&amp;ssl=1 768w\" sizes=\"auto, (max-width: 680px) 100vw, 680px\" \/><p id=\"caption-attachment-2246\" class=\"wp-caption-text\"><span lang=\"PT-BR\">Fonte<\/span>: Comiss\u00e3o Yvyrupa<\/p><\/div>\n<div>\n<p class=\"LaisaMestrado\"><span lang=\"PT-BR\">A articula\u00e7\u00e3o das mulheres Guarani no oeste do Paran\u00e1, marca um momento hist\u00f3rico pois reconhece o poder feminino na luta pelo reconhecimento de direitos, individuais e coletivos. Busca-se a forma\u00e7\u00e3o de lideran\u00e7as de mulheres ind\u00edgenas na regi\u00e3o bem como o fortalecimento das existentes e da pr\u00f3pria cultura, para que juntas possam lutar e vigiar pelos direitos ind\u00edgenas. <\/span><\/p>\n<\/div>\n<div>\n<div>\n<p class=\"LaisaMestrado\"><span lang=\"PT-BR\">Um dos momentos marcantes do evento foi a participa\u00e7\u00e3o e o relato da l\u00edder cac\u00edque Eunice Antunes. Ela foi a<\/span><span lang=\"PT-BR\"> primeira mulher eleita cacica na Terra Ind\u00edgena (TI) Morro dos Cavalos, localizada no munic\u00edpio de Palho\u00e7a (SC). Em seu relato, <\/span><span lang=\"PT-BR\">e<\/span><span lang=\"PT-BR\">la compartilhou sua trajet\u00f3ria: desde quando foi escolhida para ser cacique, os momentos de dificuldades m\u00faltiplas, amea\u00e7as e viol\u00eancias, bem como sua coragem e for\u00e7a que hoje a fazem uma das l\u00edderes ind\u00edgenas mais expressivas no cen\u00e1rio nacional.<\/span><\/p>\n<\/div>\n<div id=\"attachment_2262\" style=\"width: 235px\" class=\"wp-caption alignright\"><img data-recalc-dims=\"1\" decoding=\"async\" aria-describedby=\"caption-attachment-2262\" class=\"wp-image-2263 size-medium\" src=\"https:\/\/i0.wp.com\/damwatchinternational.org\/wp-content\/uploads\/2021\/09\/womens-meeting-Leader-Paulina.jpg?resize=225%2C300&#038;ssl=1\" alt=\"\" width=\"225\" height=\"300\" loading=\"lazy\" srcset=\"https:\/\/i0.wp.com\/damwatchinternational.org\/wp-content\/uploads\/2021\/09\/womens-meeting-Leader-Paulina.jpg?resize=225%2C300&amp;ssl=1 225w, https:\/\/i0.wp.com\/damwatchinternational.org\/wp-content\/uploads\/2021\/09\/womens-meeting-Leader-Paulina.jpg?w=444&amp;ssl=1 444w\" sizes=\"auto, (max-width: 225px) 100vw, 225px\" \/><p id=\"caption-attachment-2262\" class=\"wp-caption-text\"><span lang=\"PT-BR\">L\u00edder Paulina Martins e Eunice Antunes durante o <\/span><span lang=\"PT-BR\">\u201cI Encontro das Mulheres do Oeste do Paran\u00e1\u201d. Foto: Hosoya, 2021.<\/span><\/p><\/div>\n<\/div>\n<div>\n<div>\n<p>Afetados pela constru\u00e7\u00e3o da Hidrel\u00e9trica Itaipu Binacional, que alagou a Aldeia Jacutinga, parte de seu territ\u00f3rio ancestral, os Guarani foram alocados em 1982, em uma estreita faixa de terra entre o reservat\u00f3rio e entre lavouras, no munic\u00edpio de S\u00e3o Miguel do Igua\u00e7u-(PR). Tal espa\u00e7o sempre foi insuficiente e inadequado uma vez que n\u00e3o h\u00e1 como plantar, ca\u00e7ar e por ser muito pequeno n\u00e3o comporta a popula\u00e7\u00e3o existente.<\/p>\n<\/div>\n<div>\n<p>Ao total s\u00e3o 24 <em>Tekoha<\/em> (aldeais) entre os munic\u00edpios de Foz do Igua\u00e7u e Santa Helena, Terra Roxa e Gua\u00edra (todos no estado do Paran\u00e1, Brasil) que n\u00e3o reconhecidas oficialmente pelo governo brasileiro e nem por Itaipu, estando elas em situa\u00e7\u00e3o de \u201cocupa\u00e7\u00e3o\u201d ou de \u201cacampamento\u201d. Todas possuem processos judiciais de reintegra\u00e7\u00e3o de posse em nome do Estado ou de particulares. Al\u00e9m disso h\u00e1 press\u00e3o da sociedade local contra os Guarani segundo dados do Minist\u00e9rio P\u00fablico da Uni\u00e3o (ESMPU, 2019) e dos relatos dos Guarani.<\/p>\n<\/div>\n<div>\n<div>\n<p class=\"LaisaMestrado\"><span lang=\"PT-BR\">Atualmente de todo o territ\u00f3rio ancestral Guarani o Oeste do Paran\u00e1, apenas <\/span><span lang=\"PT-BR\">3 <i>Tekoha\/ <\/i>aldeias s\u00e3o reconhecidas pelo Estado nacional e por Itaipu: S\u00e3o elas <i>Ocoy,<\/i> localizada pr\u00f3ximo a cidade de S\u00e3o Miguel do Igua\u00e7u, <i>A\u00f1etete<\/i> e <i>Itamar\u00e3 <\/i>localizadas pr\u00f3ximas a cidade de Diamante d\u2019Oeste. <\/span><\/p>\n<\/div>\n<div id=\"attachment_2259\" style=\"width: 310px\" class=\"wp-caption alignnone\"><img data-recalc-dims=\"1\" decoding=\"async\" aria-describedby=\"caption-attachment-2259\" class=\"wp-image-2260 size-medium\" src=\"https:\/\/i0.wp.com\/damwatchinternational.org\/wp-content\/uploads\/2021\/09\/womens-meeting_-school.jpg?resize=300%2C225&#038;ssl=1\" alt=\"\" width=\"300\" height=\"225\" loading=\"lazy\" srcset=\"https:\/\/i0.wp.com\/damwatchinternational.org\/wp-content\/uploads\/2021\/09\/womens-meeting_-school.jpg?resize=300%2C225&amp;ssl=1 300w, https:\/\/i0.wp.com\/damwatchinternational.org\/wp-content\/uploads\/2021\/09\/womens-meeting_-school.jpg?resize=768%2C577&amp;ssl=1 768w, https:\/\/i0.wp.com\/damwatchinternational.org\/wp-content\/uploads\/2021\/09\/womens-meeting_-school.jpg?w=788&amp;ssl=1 788w\" sizes=\"auto, (max-width: 300px) 100vw, 300px\" \/><p id=\"caption-attachment-2259\" class=\"wp-caption-text\">A casa a esquerda \u00e9 a escola da comunidade. A direita, o local onde as reuni\u00f5es foram realizadas. Foto: Hosoya, 2021.<\/p><\/div>\n<\/div>\n<div>\n<p class=\"LaisaMestrado\">\n<\/p><\/div>\n<div>\n<div>\n<p class=\"LaisaMestrado\"><strong><span lang=\"PT-BR\">As lutas ind\u00edgenas pela superviv\u00eancia no Brasil<\/span><\/strong><\/p>\n<\/div>\n<\/div>\n<div>\n<div>\n<p class=\"LaisaMestrado\"><span lang=\"PT-BR\">As lutas dos povos ind\u00edgenas acontecem a n\u00edvel nacional e est\u00e3o interconectadas. No m\u00eas de agosto de 2021 ocorreu a Mobiliza\u00e7\u00e3o Nacional Ind\u00edgena em Bras\u00edlia -DF, organizado pela Articula\u00e7\u00e3o dos Povos Ind\u00edgenas APIB \u2013 \u201c<\/span><span lang=\"PT-BR\">H\u00e1 521 anos, n\u00f3s, Povos Ind\u00edgenas do Brasil vivenciamos e experienciamos o significado de luta. Lutamos para sobreviver, para assim sermos respeitados por um Estado que despreza nossas exist\u00eancias, usurpa nossos territ\u00f3rios tradicionais e nos relega a uma condi\u00e7\u00e3o de sub cidadania\u201d (APIB,2021).\u00a0<\/span><\/p>\n<\/div>\n<div id=\"attachment_2253\" style=\"width: 310px\" class=\"wp-caption alignnone\"><img data-recalc-dims=\"1\" decoding=\"async\" aria-describedby=\"caption-attachment-2253\" class=\"wp-image-2254 size-medium\" src=\"https:\/\/i0.wp.com\/damwatchinternational.org\/wp-content\/uploads\/2021\/09\/APIB-2021.jpg?resize=300%2C300&#038;ssl=1\" alt=\"\" width=\"300\" height=\"300\" loading=\"lazy\" srcset=\"https:\/\/i0.wp.com\/damwatchinternational.org\/wp-content\/uploads\/2021\/09\/APIB-2021.jpg?resize=300%2C300&amp;ssl=1 300w, https:\/\/i0.wp.com\/damwatchinternational.org\/wp-content\/uploads\/2021\/09\/APIB-2021.jpg?resize=150%2C150&amp;ssl=1 150w, https:\/\/i0.wp.com\/damwatchinternational.org\/wp-content\/uploads\/2021\/09\/APIB-2021.jpg?resize=80%2C80&amp;ssl=1 80w, https:\/\/i0.wp.com\/damwatchinternational.org\/wp-content\/uploads\/2021\/09\/APIB-2021.jpg?resize=100%2C100&amp;ssl=1 100w, https:\/\/i0.wp.com\/damwatchinternational.org\/wp-content\/uploads\/2021\/09\/APIB-2021.jpg?w=416&amp;ssl=1 416w\" sizes=\"auto, (max-width: 300px) 100vw, 300px\" \/><p id=\"caption-attachment-2253\" class=\"wp-caption-text\">Fonte: APIB, 2021.<\/p><\/div>\n<div>\n<p class=\"LaisaMestrado\"><span lang=\"PT-BR\">Durante os dias 7 a 11 de setembro de 2021, acontecer\u00e1 a <\/span><span lang=\"PT-BR\">2\u00aa Marcha das Mulheres Ind\u00edgenas, tamb\u00e9m em Bras\u00edlia- DF, organizado pela <\/span><span lang=\"PT-BR\">Articula\u00e7\u00e3o Nacional das Mulheres Guerreiras da Ancestralidade (ANMIGA), que \u201c\u00e9 uma grande articula\u00e7\u00e3o de Mulheres Ind\u00edgenas de todos biomas do Brasil, com saberes, com tradi\u00e7\u00f5es, com lutas que se somam e convergem que juntou mulheres mobilizadas pela garantia dos direitos ind\u00edgenas e da vida dos nossos Povos\u201d (ANMIGA, 2021).<\/span><\/p>\n<\/div>\n<div id=\"attachment_2250\" style=\"width: 308px\" class=\"wp-caption alignnone\"><img data-recalc-dims=\"1\" decoding=\"async\" aria-describedby=\"caption-attachment-2250\" class=\"wp-image-2251 size-medium\" src=\"https:\/\/i0.wp.com\/damwatchinternational.org\/wp-content\/uploads\/2021\/09\/ANMIGA-2021.png?resize=298%2C300&#038;ssl=1\" alt=\"\" width=\"298\" height=\"300\" loading=\"lazy\" srcset=\"https:\/\/i0.wp.com\/damwatchinternational.org\/wp-content\/uploads\/2021\/09\/ANMIGA-2021.png?resize=298%2C300&amp;ssl=1 298w, https:\/\/i0.wp.com\/damwatchinternational.org\/wp-content\/uploads\/2021\/09\/ANMIGA-2021.png?resize=150%2C150&amp;ssl=1 150w, https:\/\/i0.wp.com\/damwatchinternational.org\/wp-content\/uploads\/2021\/09\/ANMIGA-2021.png?resize=80%2C80&amp;ssl=1 80w, https:\/\/i0.wp.com\/damwatchinternational.org\/wp-content\/uploads\/2021\/09\/ANMIGA-2021.png?resize=100%2C100&amp;ssl=1 100w, https:\/\/i0.wp.com\/damwatchinternational.org\/wp-content\/uploads\/2021\/09\/ANMIGA-2021.png?w=584&amp;ssl=1 584w\" sizes=\"auto, (max-width: 298px) 100vw, 298px\" \/><p id=\"caption-attachment-2250\" class=\"wp-caption-text\">Fonte: ANMIGA, 2021.<\/p><\/div>\n<div>\n<p class=\"LaisaMestrado\"><span lang=\"PT-BR\">A situa\u00e7\u00e3o dos povos ind\u00edgenas no Brasil \u00e9 extremamente dif\u00edcil e \u00e9 prov\u00e1vel que se torne ainda mais grave. Em junho deste ano a C\u00e2mara de Deputados aprovou o parecer do relator do Projeto de Lei (PL) 490\/2007, Arthur Maia (DEM-BA). O projeto prev\u00ea que s\u00f3 poder\u00e3o ser consideras terras ind\u00edgenas aquelas que j\u00e1 estavam em posse desses povos na data da promulga\u00e7\u00e3o da Constitui\u00e7\u00e3o, 5 de outubro de 1988. Isso tornaria invi\u00e1vel a demarca\u00e7\u00e3o e acrescentaria ainda mais a perdida das terras ancestrais dos povos ind\u00edgenas no Brasil. <\/span><\/p>\n<\/div>\n<\/div>\n<p>\u00a0<\/p>\n<p><em>Escrito por Clara Lorena P\u00e1ez e Laisa Massarenti Hosoya<\/em><\/p>\n<\/div>\n<p>\u00a0<\/p>\n<div>\n<p><strong>Refer\u00eancias<\/strong><\/p>\n<p>ANMIGA, <strong>Articula\u00e7\u00e3o Nacional das Mulheres Guerreiras da Ancestralidade, <\/strong>2021. Disponivel em: &lt;<strong>https:\/\/anmiga.org\/<\/strong><strong>\/<\/strong>&gt;. Acesso em: 25 agosto 2021.<\/p>\n<p>APIB, <strong>Articula\u00e7\u00e3o Povos Ind\u00edgenas do Brasil, <\/strong>2021. Disponivel em: &lt;<strong> https:\/\/apiboficial.org\/<\/strong>&gt;. Acesso em: 25 agosto 2021.<\/p>\n<p>ESMPU, A. G. K. et al. <strong>Av\u00e1- Guarani:<\/strong> a constru\u00e7\u00e3o de Itaipu e os direitos territoriais. 1a. ed. Bras\u00edlia: ESMPU, 2019.<\/p>\n<p>HOSOYA, L. M.\u00a0<strong>Os desafios da comunidade do Tekoha Ocoy no enfrentamento e preven\u00e7\u00e3o da viol\u00eancia de g\u00eanero e dom\u00e9stica<\/strong>. Disserta\u00e7\u00e3o (Mestrado em Pol\u00edticas P\u00fablicas e Desenvolvimento)- Universidade Federal da Integra\u00e7\u00e3o Latino- Americana, Instituto Latino \u2013 Americano de Economia, Sociedade e Pol\u00edtica. Foz do Igua\u00e7u,p.126.2020.<\/p>\n<p>MARTINS, T. <strong>PL 490: Entenda o que \u00e9 o projeto que muda a demarca\u00e7\u00e3o de terras ind\u00edgenas. <\/strong>Disponivel em: &lt;<strong>https:\/\/www.correiobraziliense.com.br\/<\/strong>&gt;. Acceso em: 25 agosto 21.<\/p>\n<p>MIOTTO, T. <strong>PL 490: veja como votaram deputados e partidos na Comiss\u00e3o de Constitui\u00e7\u00e3o e Justi\u00e7a da C\u00e2mara <\/strong>Disponivel em: &lt;<strong>https:\/\/cimi.org.br\/<\/strong>&gt;. Acesso em: 25 agosto 2021.<\/p>\n<p>YVYRUPA, C. G. <strong>Comiss\u00e3o Guarani Yvyrupa<\/strong>, 2021. Disponivel em: &lt;<strong>http:\/\/www.yvyrupa.org.br\/<\/strong>&gt;. Acesso em: 25 agosto 2021.<\/p>\n<\/div>\n<p><\/p>\n<\/body>","protected":false},"excerpt":{"rendered":"<p>Reuni\u00e3o durante o \u201cI Encontro das Mulheres do Oeste do Paran\u00e1 \u2013 O levante das Mulheres Guarani e o Fortalecimento da Luta pela Demarca\u00e7\u00e3o\u201d. Foto: Hosoya, 2021. \u2014 A Dam Watch International, atrav\u00e9s do Subcomit\u00ea Latino-americano e Caribenho, participou do momento hist\u00f3rico para o povo Av\u00e1- Guarani do Oeste do Paran\u00e1 Brasil: o \u201cI Encontro [&hellip;]<\/p>\n","protected":false},"author":3,"featured_media":2257,"comment_status":"closed","ping_status":"closed","sticky":false,"template":"","format":"standard","meta":{"_acf_changed":false,"om_disable_all_campaigns":false,"_monsterinsights_skip_tracking":false,"_monsterinsights_sitenote_active":false,"_monsterinsights_sitenote_note":"","_monsterinsights_sitenote_category":0,"_jetpack_memberships_contains_paid_content":false,"footnotes":""},"categories":[51],"tags":[64,55],"class_list":["post-2271","post","type-post","status-publish","format-standard","has-post-thumbnail","hentry","category-blog-da-comunidade","tag-agua-e-vida","tag-resistencia-da-comunidade"],"acf":[],"jetpack_featured_media_url":"https:\/\/i0.wp.com\/damwatchinternational.org\/wp-content\/uploads\/2021\/09\/Womens-meeting-Parana.png?fit=710%2C534&ssl=1","jetpack_sharing_enabled":true,"_links":{"self":[{"href":"https:\/\/damwatchinternational.org\/pt-br\/wp-json\/wp\/v2\/posts\/2271","targetHints":{"allow":["GET"]}}],"collection":[{"href":"https:\/\/damwatchinternational.org\/pt-br\/wp-json\/wp\/v2\/posts"}],"about":[{"href":"https:\/\/damwatchinternational.org\/pt-br\/wp-json\/wp\/v2\/types\/post"}],"author":[{"embeddable":true,"href":"https:\/\/damwatchinternational.org\/pt-br\/wp-json\/wp\/v2\/users\/3"}],"replies":[{"embeddable":true,"href":"https:\/\/damwatchinternational.org\/pt-br\/wp-json\/wp\/v2\/comments?post=2271"}],"version-history":[{"count":4,"href":"https:\/\/damwatchinternational.org\/pt-br\/wp-json\/wp\/v2\/posts\/2271\/revisions"}],"predecessor-version":[{"id":2277,"href":"https:\/\/damwatchinternational.org\/pt-br\/wp-json\/wp\/v2\/posts\/2271\/revisions\/2277"}],"wp:featuredmedia":[{"embeddable":true,"href":"https:\/\/damwatchinternational.org\/pt-br\/wp-json\/wp\/v2\/media\/2257"}],"wp:attachment":[{"href":"https:\/\/damwatchinternational.org\/pt-br\/wp-json\/wp\/v2\/media?parent=2271"}],"wp:term":[{"taxonomy":"category","embeddable":true,"href":"https:\/\/damwatchinternational.org\/pt-br\/wp-json\/wp\/v2\/categories?post=2271"},{"taxonomy":"post_tag","embeddable":true,"href":"https:\/\/damwatchinternational.org\/pt-br\/wp-json\/wp\/v2\/tags?post=2271"}],"curies":[{"name":"wp","href":"https:\/\/api.w.org\/{rel}","templated":true}]}}